{"id":359,"date":"2015-02-02T17:18:45","date_gmt":"2015-02-02T17:18:45","guid":{"rendered":"http:\/\/schmalenbach-vt.de\/leistungen-en\/grafikmontagen-2\/"},"modified":"2015-12-29T19:29:38","modified_gmt":"2015-12-29T19:29:38","slug":"grafikmontagen","status":"publish","type":"post","link":"https:\/\/schmalenbach-vt.de\/en\/services\/grafikmontagen\/","title":{"rendered":"Grafikmontagen"},"content":{"rendered":"<p><strong><em>Grafikmontage f\u00fcr Events und Messen<\/em><\/strong><\/p>\n<p><strong>Von gro\u00dfformatigen Digitaldrucken \u00fcber Folienschriften bis hin zu wirkungsvollen Leuchttransparenten: Wir \u00fcbernehmen die fachgerechte Montage Ihrer aussagekr\u00e4ftigen Botschaften. Als erfahrene Veranstaltungstechniker bieten wir Ihnen den kompletten Rundum-Service f\u00fcr die Planung und Realisierung Ihrer Grafikelemente. Dabei behalten wir sowohl die Kosten und die termingerechte Fertigstellung als auch die Sicherheitsbestimmungen stets im Blick. Kontaktieren Sie uns und wir sorgen gern f\u00fcr Ihre erfolgreiche Pr\u00e4sentation auf Messen und Veranstaltungen.<\/strong><\/p>\n","protected":false},"excerpt":{"rendered":"<p>Grafikmontage f\u00fcr Events und Messen Von gro\u00dfformatigen Digitaldrucken \u00fcber Folienschriften bis hin zu wirkungsvollen Leuchttransparenten: Wir \u00fcbernehmen die fachgerechte Montage Ihrer aussagekr\u00e4ftigen Botschaften. Als erfahrene Veranstaltungstechniker bieten wir Ihnen den kompletten Rundum-Service f\u00fcr die Planung und Realisierung Ihrer Grafikelemente. Dabei behalten wir sowohl die Kosten und die termingerechte Fertigstellung als auch die Sicherheitsbestimmungen stets im [&hellip;]<\/p>\n","protected":false},"author":1,"featured_media":168,"comment_status":"open","ping_status":"open","sticky":false,"template":"","format":"standard","meta":[],"categories":[13],"tags":[],"acf":[],"_links":{"self":[{"href":"https:\/\/schmalenbach-vt.de\/en\/wp-json\/wp\/v2\/posts\/359"}],"collection":[{"href":"https:\/\/schmalenbach-vt.de\/en\/wp-json\/wp\/v2\/posts"}],"about":[{"href":"https:\/\/schmalenbach-vt.de\/en\/wp-json\/wp\/v2\/types\/post"}],"author":[{"embeddable":true,"href":"https:\/\/schmalenbach-vt.de\/en\/wp-json\/wp\/v2\/users\/1"}],"replies":[{"embeddable":true,"href":"https:\/\/schmalenbach-vt.de\/en\/wp-json\/wp\/v2\/comments?post=359"}],"version-history":[{"count":1,"href":"https:\/\/schmalenbach-vt.de\/en\/wp-json\/wp\/v2\/posts\/359\/revisions"}],"predecessor-version":[{"id":707,"href":"https:\/\/schmalenbach-vt.de\/en\/wp-json\/wp\/v2\/posts\/359\/revisions\/707"}],"wp:featuredmedia":[{"embeddable":true,"href":"https:\/\/schmalenbach-vt.de\/en\/wp-json\/wp\/v2\/media\/168"}],"wp:attachment":[{"href":"https:\/\/schmalenbach-vt.de\/en\/wp-json\/wp\/v2\/media?parent=359"}],"wp:term":[{"taxonomy":"category","embeddable":true,"href":"https:\/\/schmalenbach-vt.de\/en\/wp-json\/wp\/v2\/categories?post=359"},{"taxonomy":"post_tag","embeddable":true,"href":"https:\/\/schmalenbach-vt.de\/en\/wp-json\/wp\/v2\/tags?post=359"}],"curies":[{"name":"wp","href":"https:\/\/api.w.org\/{rel}","templated":true}]}}